{"id":2940,"date":"2013-04-19T00:00:00","date_gmt":"2013-04-19T03:00:00","guid":{"rendered":"http:\/\/www.internacional.ufpr.br\/portal\/2013\/04\/19\/resultado-das-homologacao-das-candidaturas-csf\/"},"modified":"2013-04-19T00:00:00","modified_gmt":"2013-04-19T03:00:00","slug":"resultado-das-homologacao-das-candidaturas-csf","status":"publish","type":"post","link":"https:\/\/internacional.ufpr.br\/portal\/2013\/04\/19\/resultado-das-homologacao-das-candidaturas-csf\/","title":{"rendered":"Resultado das homologa\u00e7\u00e3o das candidaturas CSF"},"content":{"rendered":"<p>Consulte o resultado das candidaturas dos alunos UFPR homologadas nas chamadas para&nbsp;&Aacute;ustria, B&eacute;lgica, Finl&acirc;ndia e Irlanda &#8211; ap&oacute;s revis&atilde;o e recursos:<\/p>\n<p>B&eacute;lgica (141\/2013 CIUF)<\/p>\n<p>Finl&acirc;ndia (142\/2013)<\/p>\n<p>B&eacute;lgica (140\/2013 VULHR)<\/p>\n<p>&Aacute;ustria e Irlanda<\/p>\n<p>(Devido a prorroga&ccedil;&atilde;o das inscri&ccedil;&otilde;es para a China o resultado das homologa&ccedil;&otilde;es para esse pa&iacute;s ser&aacute; divulgado ap&oacute;s a finaliza&ccedil;&atilde;o do novo prazo.)<\/p>\n<p>Instru&ccedil;&otilde;es para interposi&ccedil;&atilde;o de recursos:<\/p>\n<p>Os recursos dever&atilde;o ser entregues, pessoalmente, &agrave; ARI at&eacute; &agrave;s 12:00 (hor&aacute;rio de Bras&iacute;lia) do dia 24 de abril &#8211; dentro de um de nossos hor&aacute;rios de atendimento, em formul&aacute;rio pr&oacute;prio.<br \/>&nbsp;<br \/>\n&nbsp;<\/p>\n","protected":false},"excerpt":{"rendered":"<p>Resultados parcial da homologa\u00e7\u00e3o das candidaturas CSF &#8211; Chamadas \u00c1ustria, B\u00e9lgica, Finl\u00e2ndia e Irlanda<\/p>\n","protected":false},"author":12,"featured_media":0,"comment_status":"open","ping_status":"open","sticky":false,"template":"","format":"standard","meta":{"_acf_changed":false,"footnotes":""},"categories":[6],"tags":[],"class_list":["post-2940","post","type-post","status-publish","format-standard","hentry","category-noticias"],"acf":[],"_links":{"self":[{"href":"https:\/\/internacional.ufpr.br\/portal\/wp-json\/wp\/v2\/posts\/2940","targetHints":{"allow":["GET"]}}],"collection":[{"href":"https:\/\/internacional.ufpr.br\/portal\/wp-json\/wp\/v2\/posts"}],"about":[{"href":"https:\/\/internacional.ufpr.br\/portal\/wp-json\/wp\/v2\/types\/post"}],"author":[{"embeddable":true,"href":"https:\/\/internacional.ufpr.br\/portal\/wp-json\/wp\/v2\/users\/12"}],"replies":[{"embeddable":true,"href":"https:\/\/internacional.ufpr.br\/portal\/wp-json\/wp\/v2\/comments?post=2940"}],"version-history":[{"count":0,"href":"https:\/\/internacional.ufpr.br\/portal\/wp-json\/wp\/v2\/posts\/2940\/revisions"}],"wp:attachment":[{"href":"https:\/\/internacional.ufpr.br\/portal\/wp-json\/wp\/v2\/media?parent=2940"}],"wp:term":[{"taxonomy":"category","embeddable":true,"href":"https:\/\/internacional.ufpr.br\/portal\/wp-json\/wp\/v2\/categories?post=2940"},{"taxonomy":"post_tag","embeddable":true,"href":"https:\/\/internacional.ufpr.br\/portal\/wp-json\/wp\/v2\/tags?post=2940"}],"curies":[{"name":"wp","href":"https:\/\/api.w.org\/{rel}","templated":true}]}}