{"id":2939,"date":"2013-03-20T00:00:00","date_gmt":"2013-03-20T03:00:00","guid":{"rendered":"http:\/\/www.internacional.ufpr.br\/portal\/2013\/03\/20\/palestra-e-feira-suecia-ciencia-sem-fonteiras-e-intercambio-academico\/"},"modified":"2013-03-20T00:00:00","modified_gmt":"2013-03-20T03:00:00","slug":"palestra-e-feira-suecia-ciencia-sem-fonteiras-e-intercambio-academico","status":"publish","type":"post","link":"https:\/\/internacional.ufpr.br\/portal\/2013\/03\/20\/palestra-e-feira-suecia-ciencia-sem-fonteiras-e-intercambio-academico\/","title":{"rendered":"Palestra e Feira: Su\u00e9cia &#8211; Ci\u00eancia sem Fonteiras e interc\u00e2mbio acad\u00eamico"},"content":{"rendered":"<p>&nbsp;<br \/>\n&nbsp;A&nbsp;Assessoria de Rela&ccedil;&otilde;es Internacionais&nbsp;(ARI) da&nbsp;UFPR, em parceria com o&nbsp;Swedish Institute&nbsp;(SI),&nbsp;convida todos para participarem da&nbsp;Exposi&ccedil;&atilde;o da Su&eacute;cia,&nbsp;que visa fornecer aos estudantes, professores e outros interessados maiores informa&ccedil;&otilde;es a respeito das possibilidades de&nbsp;estudo acad&ecirc;mico de n&iacute;vel superior no pa&iacute;s n&oacute;rdico. O&nbsp;Swedish Institute&nbsp;representa todas as universidades suecas e visa, nesta oportunidade, apresent&aacute;-las aos estudantes brasileiros. No total, s&atilde;o&nbsp;26 universidades da Su&eacute;cia, que, ao todo, contam com&nbsp;2000 vagas para estudantes brasileiros do CsF.&nbsp;<\/p>\n<p>Aproveitando a ocasi&atilde;o, divulgamos tamb&eacute;m a competi&ccedil;&atilde;o &#8216;Su&eacute;cia-Brasil: Desafio sem Fronteiras&#8217;, que sorteia uma viagem para a Su&eacute;cia. Mais informa&ccedil;&otilde;es sobre a competi&ccedil;&atilde;o,&nbsp;aqui.<br \/>\n&nbsp;<br \/>\nPara se inscrever na palestra clique&nbsp;Aqui<br \/>\n&nbsp;<br \/>\nInforma&ccedil;&otilde;es sobre o evento<\/p>\n<p>&#8211; Exposi&ccedil;&atilde;o da Su&eacute;cia<br \/>\nLocal:&nbsp;Sagu&atilde;o do Pr&eacute;dio da Administra&ccedil;&atilde;o &#8211; Centro Polit&eacute;cnico&nbsp;<br \/>\nData:&nbsp;16\/04\/2013<br \/>\nHor&aacute;rio:&nbsp;09:00 &agrave;s 17:00 horas<\/p>\n<p>&#8211;&nbsp;Palestra Informativa sobre interc&acirc;mbio na Su&eacute;cia<br \/>\nLocal:&nbsp;Audit&oacute;rio do 1&deg; andar do Pr&eacute;dio da Administra&ccedil;&atilde;o &#8211; Centro Polit&eacute;cnico&nbsp;<br \/>\nData:&nbsp;16\/04\/2013<br \/>\nHor&aacute;rio:&nbsp;09:00 horas<\/p>\n<p>Em fun&ccedil;&atilde;o deste evento, n&atilde;o haver&aacute; atendimento ao p&uacute;blico no dia 16\/04.<\/p>\n","protected":false},"excerpt":{"rendered":"<p>Feiras e palestras informam os interessados sobre o CsF e outras possibilidades de interc\u00e2mbio acad\u00eamico na Su\u00e9cia<\/p>\n","protected":false},"author":12,"featured_media":0,"comment_status":"open","ping_status":"open","sticky":false,"template":"","format":"standard","meta":{"_acf_changed":false,"footnotes":""},"categories":[6],"tags":[],"class_list":["post-2939","post","type-post","status-publish","format-standard","hentry","category-noticias"],"acf":[],"_links":{"self":[{"href":"https:\/\/internacional.ufpr.br\/portal\/wp-json\/wp\/v2\/posts\/2939","targetHints":{"allow":["GET"]}}],"collection":[{"href":"https:\/\/internacional.ufpr.br\/portal\/wp-json\/wp\/v2\/posts"}],"about":[{"href":"https:\/\/internacional.ufpr.br\/portal\/wp-json\/wp\/v2\/types\/post"}],"author":[{"embeddable":true,"href":"https:\/\/internacional.ufpr.br\/portal\/wp-json\/wp\/v2\/users\/12"}],"replies":[{"embeddable":true,"href":"https:\/\/internacional.ufpr.br\/portal\/wp-json\/wp\/v2\/comments?post=2939"}],"version-history":[{"count":0,"href":"https:\/\/internacional.ufpr.br\/portal\/wp-json\/wp\/v2\/posts\/2939\/revisions"}],"wp:attachment":[{"href":"https:\/\/internacional.ufpr.br\/portal\/wp-json\/wp\/v2\/media?parent=2939"}],"wp:term":[{"taxonomy":"category","embeddable":true,"href":"https:\/\/internacional.ufpr.br\/portal\/wp-json\/wp\/v2\/categories?post=2939"},{"taxonomy":"post_tag","embeddable":true,"href":"https:\/\/internacional.ufpr.br\/portal\/wp-json\/wp\/v2\/tags?post=2939"}],"curies":[{"name":"wp","href":"https:\/\/api.w.org\/{rel}","templated":true}]}}