{"id":2892,"date":"2012-11-12T00:00:00","date_gmt":"2012-11-12T02:00:00","guid":{"rendered":"http:\/\/www.internacional.ufpr.br\/portal\/2012\/11\/12\/palestra-informativa-daad\/"},"modified":"2012-11-12T00:00:00","modified_gmt":"2012-11-12T02:00:00","slug":"palestra-informativa-daad","status":"publish","type":"post","link":"https:\/\/internacional.ufpr.br\/portal\/2012\/11\/12\/palestra-informativa-daad\/","title":{"rendered":"Palestra Informativa DAAD"},"content":{"rendered":"<p>Palestra do DAAD<\/p>\n<p>O&nbsp;Servi&ccedil;o Alem&atilde;o de Interc&acirc;mbio Acad&ecirc;mico&nbsp;(DAAD &ndash;&nbsp;Deutscher Akademischer Austauschdienst) e a Universidade Federal do Paran&aacute; (UFPR) convidam os interessados para palestra acerca da participa&ccedil;&atilde;o da Alemanha no programa brasileiro Ci&ecirc;ncia sem Fronteiras. No local, os participantes ter&atilde;o acesso, tamb&eacute;m, a informa&ccedil;&otilde;es sobre bolsas de gradua&ccedil;&atilde;o e doutorado na Alemanha.<br \/>\n&nbsp;<br \/>\nLocal: UFPR &#8211; Centro Polit&eacute;cnico, bloco Lame\/Cesec, primeiro andar.<br \/>\nData: 21 de novembro de 2012<br \/>\nHor&aacute;rio: 14:30 hrs<br \/>\n&nbsp;<br \/>\nMais informa&ccedil;&otilde;es sobre os programas:&nbsp;www.cienciasemfronteiras.gov.br;&nbsp;<br \/>\nwww.csf-alemanha.de<br \/>\n&nbsp;<br \/>\n&nbsp;<\/p>\n","protected":false},"excerpt":{"rendered":"<p>Servi\u00e7o Alem\u00e3o de Interc\u00e2mbio Acad\u00eamico (DAAD) e UFPR convidam para palestra.<\/p>\n","protected":false},"author":12,"featured_media":0,"comment_status":"open","ping_status":"open","sticky":false,"template":"","format":"standard","meta":{"_acf_changed":false,"footnotes":""},"categories":[6],"tags":[],"class_list":["post-2892","post","type-post","status-publish","format-standard","hentry","category-noticias"],"acf":[],"_links":{"self":[{"href":"https:\/\/internacional.ufpr.br\/portal\/wp-json\/wp\/v2\/posts\/2892","targetHints":{"allow":["GET"]}}],"collection":[{"href":"https:\/\/internacional.ufpr.br\/portal\/wp-json\/wp\/v2\/posts"}],"about":[{"href":"https:\/\/internacional.ufpr.br\/portal\/wp-json\/wp\/v2\/types\/post"}],"author":[{"embeddable":true,"href":"https:\/\/internacional.ufpr.br\/portal\/wp-json\/wp\/v2\/users\/12"}],"replies":[{"embeddable":true,"href":"https:\/\/internacional.ufpr.br\/portal\/wp-json\/wp\/v2\/comments?post=2892"}],"version-history":[{"count":0,"href":"https:\/\/internacional.ufpr.br\/portal\/wp-json\/wp\/v2\/posts\/2892\/revisions"}],"wp:attachment":[{"href":"https:\/\/internacional.ufpr.br\/portal\/wp-json\/wp\/v2\/media?parent=2892"}],"wp:term":[{"taxonomy":"category","embeddable":true,"href":"https:\/\/internacional.ufpr.br\/portal\/wp-json\/wp\/v2\/categories?post=2892"},{"taxonomy":"post_tag","embeddable":true,"href":"https:\/\/internacional.ufpr.br\/portal\/wp-json\/wp\/v2\/tags?post=2892"}],"curies":[{"name":"wp","href":"https:\/\/api.w.org\/{rel}","templated":true}]}}