{"id":2858,"date":"2012-06-15T00:00:00","date_gmt":"2012-06-15T03:00:00","guid":{"rendered":"http:\/\/www.internacional.ufpr.br\/portal\/2012\/06\/15\/cronograma-de-entrevistas-setor-ciencias-biologicas\/"},"modified":"2012-06-15T00:00:00","modified_gmt":"2012-06-15T03:00:00","slug":"cronograma-de-entrevistas-setor-ciencias-biologicas","status":"publish","type":"post","link":"https:\/\/internacional.ufpr.br\/portal\/2012\/06\/15\/cronograma-de-entrevistas-setor-ciencias-biologicas\/","title":{"rendered":"Cronograma de Entrevistas &#8211; Setor Ci\u00eancias Biol\u00f3gicas"},"content":{"rendered":"<p>As entrevistas do Setor de Ci&ecirc;ncias Biol&oacute;gicas para o Programa de Mobilidade 2013-1 acontecer&atilde;o conforme consta abaixo:<\/p>\n<p>Data:&nbsp;18\/06\/2012 (segunda-feira)<br \/>Local:&nbsp;Depto. de Bot&acirc;nica &#8211; Sala 426 &#8211; 2&ordm; andar&nbsp;<br \/>Hor&aacute;rio:&nbsp;14:00<\/p>\n","protected":false},"excerpt":{"rendered":"<p>Entrevistas do Setor de Ci\u00eancias Biol\u00f3gicas ser\u00e3o na segunda (18\/06)<\/p>\n","protected":false},"author":12,"featured_media":0,"comment_status":"open","ping_status":"open","sticky":false,"template":"","format":"standard","meta":{"_acf_changed":false,"footnotes":""},"categories":[6],"tags":[],"class_list":["post-2858","post","type-post","status-publish","format-standard","hentry","category-noticias"],"acf":[],"_links":{"self":[{"href":"https:\/\/internacional.ufpr.br\/portal\/wp-json\/wp\/v2\/posts\/2858","targetHints":{"allow":["GET"]}}],"collection":[{"href":"https:\/\/internacional.ufpr.br\/portal\/wp-json\/wp\/v2\/posts"}],"about":[{"href":"https:\/\/internacional.ufpr.br\/portal\/wp-json\/wp\/v2\/types\/post"}],"author":[{"embeddable":true,"href":"https:\/\/internacional.ufpr.br\/portal\/wp-json\/wp\/v2\/users\/12"}],"replies":[{"embeddable":true,"href":"https:\/\/internacional.ufpr.br\/portal\/wp-json\/wp\/v2\/comments?post=2858"}],"version-history":[{"count":0,"href":"https:\/\/internacional.ufpr.br\/portal\/wp-json\/wp\/v2\/posts\/2858\/revisions"}],"wp:attachment":[{"href":"https:\/\/internacional.ufpr.br\/portal\/wp-json\/wp\/v2\/media?parent=2858"}],"wp:term":[{"taxonomy":"category","embeddable":true,"href":"https:\/\/internacional.ufpr.br\/portal\/wp-json\/wp\/v2\/categories?post=2858"},{"taxonomy":"post_tag","embeddable":true,"href":"https:\/\/internacional.ufpr.br\/portal\/wp-json\/wp\/v2\/tags?post=2858"}],"curies":[{"name":"wp","href":"https:\/\/api.w.org\/{rel}","templated":true}]}}