{"id":2839,"date":"2011-08-29T00:00:00","date_gmt":"2011-08-29T03:00:00","guid":{"rendered":"http:\/\/www.internacional.ufpr.br\/portal\/2011\/08\/29\/professor-assistente-de-lingua-portuguesa-nos-eua-inscricoes-ate-30-09-2011\/"},"modified":"2011-08-29T00:00:00","modified_gmt":"2011-08-29T03:00:00","slug":"professor-assistente-de-lingua-portuguesa-nos-eua-inscricoes-ate-30-09-2011","status":"publish","type":"post","link":"https:\/\/internacional.ufpr.br\/portal\/2011\/08\/29\/professor-assistente-de-lingua-portuguesa-nos-eua-inscricoes-ate-30-09-2011\/","title":{"rendered":"Professor Assistente de L\u00edngua Portuguesa nos EUA &#8211; inscri\u00e7\u00f5es at\u00e9 30\/09\/2011"},"content":{"rendered":"<p>&nbsp;<br \/>\nProfessor Assistente de L&iacute;ngua Portuguesa nos EUA &#8211; inscri&ccedil;&otilde;es at&eacute; 30 de setembro de 2011.<\/p>\n<p>O programa Professor Assistente de L&iacute;ngua Portuguesa nos EUA (Foreign Language Teaching Assistant &ndash; FLTA) tem o objetivo de incrementar o ensino de portugu&ecirc;s em universidades norte-americanas e estreitar as rela&ccedil;&otilde;es bilaterais entre o Brasil e os EUA. O programa prev&ecirc; a concess&atilde;o de at&eacute; 30 bolsas, com dura&ccedil;&atilde;o de nove meses, no ano acad&ecirc;mico norte-americano (agosto\/setembro de 2012 a maio\/junho de 2013).<br \/>\nUma terceira oportunidade de bolsa segue abaixo, com o prazo de inscri&ccedil;&atilde;o mais pr&oacute;ximo: 15\/09\/11:<br \/>\nPara mais detalhes sobre cada bolsa (requisitos, prazos, etc.), por favor acessem www.fulbright.org.br.<\/p>\n","protected":false},"excerpt":{"rendered":"<p>Professor Assistente de L\u00edngua Portuguesa nos EUA &#8211; inscri\u00e7\u00f5es at\u00e9 30 de setembro de 2011.<\/p>\n","protected":false},"author":12,"featured_media":0,"comment_status":"open","ping_status":"open","sticky":false,"template":"","format":"standard","meta":{"_acf_changed":false,"footnotes":""},"categories":[6],"tags":[],"class_list":["post-2839","post","type-post","status-publish","format-standard","hentry","category-noticias"],"acf":[],"_links":{"self":[{"href":"https:\/\/internacional.ufpr.br\/portal\/wp-json\/wp\/v2\/posts\/2839","targetHints":{"allow":["GET"]}}],"collection":[{"href":"https:\/\/internacional.ufpr.br\/portal\/wp-json\/wp\/v2\/posts"}],"about":[{"href":"https:\/\/internacional.ufpr.br\/portal\/wp-json\/wp\/v2\/types\/post"}],"author":[{"embeddable":true,"href":"https:\/\/internacional.ufpr.br\/portal\/wp-json\/wp\/v2\/users\/12"}],"replies":[{"embeddable":true,"href":"https:\/\/internacional.ufpr.br\/portal\/wp-json\/wp\/v2\/comments?post=2839"}],"version-history":[{"count":0,"href":"https:\/\/internacional.ufpr.br\/portal\/wp-json\/wp\/v2\/posts\/2839\/revisions"}],"wp:attachment":[{"href":"https:\/\/internacional.ufpr.br\/portal\/wp-json\/wp\/v2\/media?parent=2839"}],"wp:term":[{"taxonomy":"category","embeddable":true,"href":"https:\/\/internacional.ufpr.br\/portal\/wp-json\/wp\/v2\/categories?post=2839"},{"taxonomy":"post_tag","embeddable":true,"href":"https:\/\/internacional.ufpr.br\/portal\/wp-json\/wp\/v2\/tags?post=2839"}],"curies":[{"name":"wp","href":"https:\/\/api.w.org\/{rel}","templated":true}]}}