{"id":2837,"date":"2011-06-17T00:00:00","date_gmt":"2011-06-17T03:00:00","guid":{"rendered":"http:\/\/www.internacional.ufpr.br\/portal\/2011\/06\/17\/premio-finep-de-inovacao-2011-abre-inscricoes\/"},"modified":"2011-06-17T00:00:00","modified_gmt":"2011-06-17T03:00:00","slug":"premio-finep-de-inovacao-2011-abre-inscricoes","status":"publish","type":"post","link":"https:\/\/internacional.ufpr.br\/portal\/2011\/06\/17\/premio-finep-de-inovacao-2011-abre-inscricoes\/","title":{"rendered":"Pr\u00eamio Finep de Inova\u00e7\u00e3o 2011 abre inscri\u00e7\u00f5es"},"content":{"rendered":"<p>Pr&ecirc;mio Finep de Inova&ccedil;&atilde;o 2011 abre inscri&ccedil;&otilde;es <\/p>\n<p>Est&atilde;o abertas as inscri&ccedil;&otilde;es para o Pr&ecirc;mio Finep de Inova&ccedil;&atilde;o 2011. Empresas e institui&ccedil;&otilde;es de ci&ecirc;ncia, tecnologia e inova&ccedil;&atilde;o podem se inscrever at&eacute; 14 de outubro ao pr&ecirc;mio, concedido pela Financiadora de Estudos e Projetos (Finep). O pr&ecirc;mio tem uma fase regional, cujos resultados est&atilde;o previstos para ser divulgados em novembro de 2011, e a nacional, cuja premia&ccedil;&atilde;o ser&aacute; em mar&ccedil;o de 2012. A etapa regional ser&aacute; composta pelas categorias &ldquo;Micro\/pequena empresa&rdquo;, &ldquo;M&eacute;dia empresa&rdquo;, &ldquo;Institui&ccedil;&atilde;o de ci&ecirc;ncia e tecnologia&rdquo;, &ldquo;Tecnologia social&rdquo; e &ldquo;Inventor inovador&rdquo;. As duas categorias especiais, disputadas apenas na etapa nacional, s&atilde;o &ldquo;Grande empresa&rdquo; e &ldquo;Inovar&rdquo;. <br \/> O Pr&ecirc;mio Inovar, que era uma iniciativa separada, passa agora a ser uma categoria do Pr&ecirc;mio Finep e tem condi&ccedil;&otilde;es espec&iacute;ficas. Para ela, as inscri&ccedil;&otilde;es v&atilde;o de 2 de setembro a 6 de outubro de 2011. Os vencedores do pr&ecirc;mio ganhar&atilde;o o trof&eacute;u Inovar. J&aacute; a categoria &ldquo;Gest&atilde;o da inova&ccedil;&atilde;o&rdquo;, institu&iacute;da em 2010, n&atilde;o faz mais parte da premia&ccedil;&atilde;o.<\/p>\n<p>As sedes das premia&ccedil;&otilde;es regionais em 2011 ser&atilde;o: Goi&acirc;nia (GO), na regi&atilde;o Centro-Oeste; Campina Grande (PB), na regi&atilde;o Nordeste; Florian&oacute;polis (SC), na regi&atilde;o Sul; Porto Velho (RO), na regi&atilde;o Norte; e S&atilde;o Paulo (SP), na regi&atilde;o Sudeste. A final nacional &eacute; realizada tradicionalmente em Bras&iacute;lia (DF).<\/p>\n<p>Mais informa&ccedil;&otilde;es e inscri&ccedil;&otilde;es: www.finep.gov.br\/premio<\/p>\n","protected":false},"excerpt":{"rendered":"<p>Pr\u00eamio Finep de Inova\u00e7\u00e3o 2011 abre inscri\u00e7\u00f5es <\/p>\n<p>Mais informa\u00e7\u00f5es e inscri\u00e7\u00f5es: www.finep.gov.br\/premio<\/p>\n","protected":false},"author":12,"featured_media":0,"comment_status":"open","ping_status":"open","sticky":false,"template":"","format":"standard","meta":{"_acf_changed":false,"footnotes":""},"categories":[6],"tags":[],"class_list":["post-2837","post","type-post","status-publish","format-standard","hentry","category-noticias"],"acf":[],"_links":{"self":[{"href":"https:\/\/internacional.ufpr.br\/portal\/wp-json\/wp\/v2\/posts\/2837","targetHints":{"allow":["GET"]}}],"collection":[{"href":"https:\/\/internacional.ufpr.br\/portal\/wp-json\/wp\/v2\/posts"}],"about":[{"href":"https:\/\/internacional.ufpr.br\/portal\/wp-json\/wp\/v2\/types\/post"}],"author":[{"embeddable":true,"href":"https:\/\/internacional.ufpr.br\/portal\/wp-json\/wp\/v2\/users\/12"}],"replies":[{"embeddable":true,"href":"https:\/\/internacional.ufpr.br\/portal\/wp-json\/wp\/v2\/comments?post=2837"}],"version-history":[{"count":0,"href":"https:\/\/internacional.ufpr.br\/portal\/wp-json\/wp\/v2\/posts\/2837\/revisions"}],"wp:attachment":[{"href":"https:\/\/internacional.ufpr.br\/portal\/wp-json\/wp\/v2\/media?parent=2837"}],"wp:term":[{"taxonomy":"category","embeddable":true,"href":"https:\/\/internacional.ufpr.br\/portal\/wp-json\/wp\/v2\/categories?post=2837"},{"taxonomy":"post_tag","embeddable":true,"href":"https:\/\/internacional.ufpr.br\/portal\/wp-json\/wp\/v2\/tags?post=2837"}],"curies":[{"name":"wp","href":"https:\/\/api.w.org\/{rel}","templated":true}]}}