{"id":2828,"date":"2011-06-03T00:00:00","date_gmt":"2011-06-03T03:00:00","guid":{"rendered":"http:\/\/www.internacional.ufpr.br\/portal\/2011\/06\/03\/dies-e-pagel-mais-duas-opcoes-de-cooperacao\/"},"modified":"2011-06-03T00:00:00","modified_gmt":"2011-06-03T03:00:00","slug":"dies-e-pagel-mais-duas-opcoes-de-cooperacao","status":"publish","type":"post","link":"https:\/\/internacional.ufpr.br\/portal\/2011\/06\/03\/dies-e-pagel-mais-duas-opcoes-de-cooperacao\/","title":{"rendered":"DIES e Pagel: mais duas op\u00e7\u00f5es de coopera\u00e7\u00e3o"},"content":{"rendered":"<p>DIES e Pagel: mais duas op&ccedil;&otilde;es de coopera&ccedil;&atilde;o Tamb&eacute;m est&atilde;o abertos dois outros programas de parcerias interinstitucionais. O DIES promove o di&aacute;logo sobre estrat&eacute;gias inovadoras no ensino superior e estimula parcerias entre institui&ccedil;&otilde;es alem&atilde;s e institui&ccedil;&otilde;es de pa&iacute;ses em desenvolvimento, inclusive o Brasil. J&aacute; o Pagel &eacute; um programa de parcerias institucionais na &aacute;rea de sa&uacute;de. Tanto para o DIES quanto para o Pagel, as inscri&ccedil;&otilde;es de projetos s&atilde;o realizadas pelos parceiros alem&atilde;es, diretamente no DAAD na Alemanha.<br \/>\nAs inscri&ccedil;&otilde;es para o DIES, programa financiado pelo Minist&eacute;rio da Coopera&ccedil;&atilde;o e Desenvolvimento Econ&ocirc;mico da Alemanha (BMZ), tamb&eacute;m devem ser realizadas at&eacute; 30 de junho pela parceira alem&atilde;. A coopera&ccedil;&atilde;o pode ser estabelecida entre reitores e gestores de faculdades, chefes de departamentos como assessorias internacionais e centros de atendimento a estudantes, chefes de programas de gest&atilde;o de ensino superior e executivos do setor central de administra&ccedil;&atilde;o das universidades. Mais informa&ccedil;&otilde;es: http:\/\/www.daad.de\/dies.<br \/>\nO Pagel, por sua vez, recebe candidaturas, feitas pela institui&ccedil;&atilde;o alem&atilde;, at&eacute; 31 de julho. No programa, financiado tamb&eacute;m pelo BMZ, ser&atilde;o aceitos projetos conjuntos nas &aacute;reas de medicina, odontologia e sa&uacute;de em geral, abordando especialmente temas relacionados a melhorias estruturais de cursos de forma&ccedil;&atilde;o e aperfei&ccedil;oamento, &agrave; prepara&ccedil;&atilde;o de estudantes estrangeiros em universidades alem&atilde;s para atua&ccedil;&atilde;o em seus pa&iacute;ses de origem e a medidas de educa&ccedil;&atilde;o cont&iacute;nua para ex-alunos em redes tem&aacute;ticas de universidades, organiza&ccedil;&otilde;es de coopera&ccedil;&atilde;o e autoridades de sa&uacute;de de pa&iacute;ses em desenvolvimento. O Pagel fomenta projetos com dura&ccedil;&atilde;o de at&eacute; quatro anos. Informa&ccedil;&otilde;es no site: www.daad.de\/pagel.<\/p>\n","protected":false},"excerpt":{"rendered":"<p>DIES e Pagel: mais duas op&ccedil;&otilde;es de coopera&ccedil;&atilde;o<\/p>\n<p> Tamb&eacute;m est&atilde;o abertos dois outros programas de parcerias interinstitucionais. O DIES promove o di&aacute;logo sobre estrat&eacute;gias<\/p>\n","protected":false},"author":12,"featured_media":0,"comment_status":"open","ping_status":"open","sticky":false,"template":"","format":"standard","meta":{"_acf_changed":false,"footnotes":""},"categories":[6],"tags":[],"class_list":["post-2828","post","type-post","status-publish","format-standard","hentry","category-noticias"],"acf":[],"_links":{"self":[{"href":"https:\/\/internacional.ufpr.br\/portal\/wp-json\/wp\/v2\/posts\/2828","targetHints":{"allow":["GET"]}}],"collection":[{"href":"https:\/\/internacional.ufpr.br\/portal\/wp-json\/wp\/v2\/posts"}],"about":[{"href":"https:\/\/internacional.ufpr.br\/portal\/wp-json\/wp\/v2\/types\/post"}],"author":[{"embeddable":true,"href":"https:\/\/internacional.ufpr.br\/portal\/wp-json\/wp\/v2\/users\/12"}],"replies":[{"embeddable":true,"href":"https:\/\/internacional.ufpr.br\/portal\/wp-json\/wp\/v2\/comments?post=2828"}],"version-history":[{"count":0,"href":"https:\/\/internacional.ufpr.br\/portal\/wp-json\/wp\/v2\/posts\/2828\/revisions"}],"wp:attachment":[{"href":"https:\/\/internacional.ufpr.br\/portal\/wp-json\/wp\/v2\/media?parent=2828"}],"wp:term":[{"taxonomy":"category","embeddable":true,"href":"https:\/\/internacional.ufpr.br\/portal\/wp-json\/wp\/v2\/categories?post=2828"},{"taxonomy":"post_tag","embeddable":true,"href":"https:\/\/internacional.ufpr.br\/portal\/wp-json\/wp\/v2\/tags?post=2828"}],"curies":[{"name":"wp","href":"https:\/\/api.w.org\/{rel}","templated":true}]}}