{"id":2823,"date":"2011-05-06T00:00:00","date_gmt":"2011-05-06T03:00:00","guid":{"rendered":"http:\/\/www.internacional.ufpr.br\/portal\/2011\/05\/06\/daad-bolsas-de-pos-graduacao-na-alemanha\/"},"modified":"2011-05-06T00:00:00","modified_gmt":"2011-05-06T03:00:00","slug":"daad-bolsas-de-pos-graduacao-na-alemanha","status":"publish","type":"post","link":"https:\/\/internacional.ufpr.br\/portal\/2011\/05\/06\/daad-bolsas-de-pos-graduacao-na-alemanha\/","title":{"rendered":"DAAD &#8211; Bolsas de p\u00f3s-gradua\u00e7\u00e3o na Alemanha"},"content":{"rendered":"<p> &nbsp; &nbsp; DAAD &#8211; Bolsas de p&oacute;s-gradua&ccedil;&atilde;o na Alemanha<br \/>\n&nbsp;<br \/>\n&nbsp; &nbsp; &nbsp; &nbsp;<br \/>\nO Servi&ccedil;o Alem&atilde;o de Interc&acirc;mbio Acad&ecirc;mico (DAAD) abriu inscri&ccedil;&otilde;es, at&eacute; o dia 31 de julho, para a sele&ccedil;&atilde;o de bolsistas dentro de seu programa Public Policy and Good Governance (Pol&iacute;ticas P&uacute;blicas e Boa Governan&ccedil;a). O programa oferece bolsas para cursos de p&oacute;s-gradua&ccedil;&atilde;o na Alemanha, com titula&ccedil;&atilde;o master, que visam a capacitar seus alunos a formular e gerir pol&iacute;ticas p&uacute;blicas e de boa governan&ccedil;a.Os t&iacute;tulos master, obtidos na conclus&atilde;o de cursos com dois anos de dura&ccedil;&atilde;o, focados em pesquisa e conclu&iacute;dos por meio de disserta&ccedil;&atilde;o, podem ser reconhecidos no Brasil como mestrado.<\/p>\n<p>Nove institui&ccedil;&otilde;es alem&atilde;s participam do programa, destinado a jovens profissionais graduados em ci&ecirc;ncias sociais e pol&iacute;ticas, economia, direito, administra&ccedil;&atilde;o p&uacute;blica e &aacute;reas afins. Entre as institui&ccedil;&otilde;es est&atilde;o a Hertie School of Governance, em Berlim, a Escola de Pol&iacute;ticas P&uacute;blicas Willy Brandt, da Universidade de Erfurt, e a Universidade de Ci&ecirc;ncias Aplicadas de Osnabr&uuml;ck.<\/p>\n<p>O edital com as informa&ccedil;&otilde;es detalhadas sobre os requisitos, o funcionamento do programa, dados de contato para esclarecimento de d&uacute;vidas e a lista de cursos e institui&ccedil;&otilde;es est&atilde;o dispon&iacute;veis em http:\/\/rio.daad.de\/shared\/ pos_graduacao.htm. Na p&aacute;gina h&aacute; tamb&eacute;m uma detalhada lista de requisitos e o formul&aacute;rio de candidatura.<\/p>\n<p>Mais informa&ccedil;&otilde;es: http:\/\/rio.daad.de<\/p>\n","protected":false},"excerpt":{"rendered":"<p>O Servi\u00e7o Alem\u00e3o de Interc\u00e2mbio Acad\u00eamico (DAAD) abriu inscri\u00e7\u00f5es, at\u00e9 o dia 31 de julho, para a sele\u00e7\u00e3o de bolsistas dentro de seu programa Public Policy and Good Governance<\/p>\n","protected":false},"author":12,"featured_media":0,"comment_status":"open","ping_status":"open","sticky":false,"template":"","format":"standard","meta":{"_acf_changed":false,"footnotes":""},"categories":[6],"tags":[],"class_list":["post-2823","post","type-post","status-publish","format-standard","hentry","category-noticias"],"acf":[],"_links":{"self":[{"href":"https:\/\/internacional.ufpr.br\/portal\/wp-json\/wp\/v2\/posts\/2823","targetHints":{"allow":["GET"]}}],"collection":[{"href":"https:\/\/internacional.ufpr.br\/portal\/wp-json\/wp\/v2\/posts"}],"about":[{"href":"https:\/\/internacional.ufpr.br\/portal\/wp-json\/wp\/v2\/types\/post"}],"author":[{"embeddable":true,"href":"https:\/\/internacional.ufpr.br\/portal\/wp-json\/wp\/v2\/users\/12"}],"replies":[{"embeddable":true,"href":"https:\/\/internacional.ufpr.br\/portal\/wp-json\/wp\/v2\/comments?post=2823"}],"version-history":[{"count":0,"href":"https:\/\/internacional.ufpr.br\/portal\/wp-json\/wp\/v2\/posts\/2823\/revisions"}],"wp:attachment":[{"href":"https:\/\/internacional.ufpr.br\/portal\/wp-json\/wp\/v2\/media?parent=2823"}],"wp:term":[{"taxonomy":"category","embeddable":true,"href":"https:\/\/internacional.ufpr.br\/portal\/wp-json\/wp\/v2\/categories?post=2823"},{"taxonomy":"post_tag","embeddable":true,"href":"https:\/\/internacional.ufpr.br\/portal\/wp-json\/wp\/v2\/tags?post=2823"}],"curies":[{"name":"wp","href":"https:\/\/api.w.org\/{rel}","templated":true}]}}