{"id":2818,"date":"2011-04-07T00:00:00","date_gmt":"2011-04-07T03:00:00","guid":{"rendered":"http:\/\/www.internacional.ufpr.br\/portal\/2011\/04\/07\/chamanda-cnpq-e-agencia-nacional-de-pesquisa-da-franca-anr\/"},"modified":"2011-04-07T00:00:00","modified_gmt":"2011-04-07T03:00:00","slug":"chamanda-cnpq-e-agencia-nacional-de-pesquisa-da-franca-anr","status":"publish","type":"post","link":"https:\/\/internacional.ufpr.br\/portal\/2011\/04\/07\/chamanda-cnpq-e-agencia-nacional-de-pesquisa-da-franca-anr\/","title":{"rendered":"Chamanda CNPq e Ag\u00eancia Nacional de Pesquisa da Fran\u00e7a (ANR)"},"content":{"rendered":"<p>Informamos o lan&ccedil;amento de uma nova chamada CNPq\/Ag&ecirc;ncia Nacional da Pesquisa da Fran&ccedil;a (ANR) de apoio a projetos conjuntos de Pesquisa, Desenvolvimento e Inova&ccedil;&atilde;o (P&amp;D&amp;I) em Matem&aacute;tica, F&iacute;sica e Biodiversidade (Edital anexo). <\/p>\n<p>Prazo para submiss&atilde;o das propostas : 02 de maio de 2011<\/p>\n","protected":false},"excerpt":{"rendered":"<p>CNPq e Ag\u00eancia Nacional de Pesquisa da Fran\u00e7a (ANR) lan\u00e7am nova chamada em Matem\u00e1tica, F\u00edsica e Biodiversidade<\/p>\n","protected":false},"author":12,"featured_media":0,"comment_status":"open","ping_status":"open","sticky":false,"template":"","format":"standard","meta":{"_acf_changed":false,"footnotes":""},"categories":[6],"tags":[],"class_list":["post-2818","post","type-post","status-publish","format-standard","hentry","category-noticias"],"acf":[],"_links":{"self":[{"href":"https:\/\/internacional.ufpr.br\/portal\/wp-json\/wp\/v2\/posts\/2818","targetHints":{"allow":["GET"]}}],"collection":[{"href":"https:\/\/internacional.ufpr.br\/portal\/wp-json\/wp\/v2\/posts"}],"about":[{"href":"https:\/\/internacional.ufpr.br\/portal\/wp-json\/wp\/v2\/types\/post"}],"author":[{"embeddable":true,"href":"https:\/\/internacional.ufpr.br\/portal\/wp-json\/wp\/v2\/users\/12"}],"replies":[{"embeddable":true,"href":"https:\/\/internacional.ufpr.br\/portal\/wp-json\/wp\/v2\/comments?post=2818"}],"version-history":[{"count":0,"href":"https:\/\/internacional.ufpr.br\/portal\/wp-json\/wp\/v2\/posts\/2818\/revisions"}],"wp:attachment":[{"href":"https:\/\/internacional.ufpr.br\/portal\/wp-json\/wp\/v2\/media?parent=2818"}],"wp:term":[{"taxonomy":"category","embeddable":true,"href":"https:\/\/internacional.ufpr.br\/portal\/wp-json\/wp\/v2\/categories?post=2818"},{"taxonomy":"post_tag","embeddable":true,"href":"https:\/\/internacional.ufpr.br\/portal\/wp-json\/wp\/v2\/tags?post=2818"}],"curies":[{"name":"wp","href":"https:\/\/api.w.org\/{rel}","templated":true}]}}