{"id":2752,"date":"2010-05-19T00:00:00","date_gmt":"2010-05-19T03:00:00","guid":{"rendered":"http:\/\/www.internacional.ufpr.br\/portal\/2010\/05\/19\/premio-cientifico-casa-da-america-latina-santander-totta\/"},"modified":"2010-05-19T00:00:00","modified_gmt":"2010-05-19T03:00:00","slug":"premio-cientifico-casa-da-america-latina-santander-totta","status":"publish","type":"post","link":"https:\/\/internacional.ufpr.br\/portal\/2010\/05\/19\/premio-cientifico-casa-da-america-latina-santander-totta\/","title":{"rendered":"Pr\u00e9mio Cient\u00edfico Casa da Am\u00e9rica Latina\/Santander Totta"},"content":{"rendered":"<p>Est&atilde;o abertas, at&eacute; 31 de Maio, as candidaturas para a atribui&ccedil;&atilde;o do<br \/>Pr&eacute;mio Cient&iacute;fico Casa da Am&eacute;rica Latina\/Santander Totta no &acirc;mbito do<br \/>Programa Universit&aacute;rio criado entre a Casa da Am&eacute;rica Latina e o Banco<br \/>Santander Totta com o fim de estimular a forma&ccedil;&atilde;o de estudantes<br \/>universit&aacute;rios latino-americanos em Portugal, contribuindo, ao mesmo<br \/>tempo, para o desenvolvimento de uma cultura de rigor e de excel&ecirc;ncia.<br \/>O Pr&eacute;mio Cient&iacute;fico vai distinguir a melhor disserta&ccedil;&atilde;o de<br \/>Doutoramento de um aluno oriundo de um Pa&iacute;s da Am&eacute;rica Latina que<br \/>tenha conclu&iacute;do o 3&ordm; ciclo numa Universidade Portuguesa.<br \/>Est&atilde;o contempladas duas categorias &ndash; (I) a &ldquo;Categoria de Ci&ecirc;ncias<br \/>Sociais e Humanas&rdquo; e (II) a &ldquo;Categoria de Tecnologias e Ci&ecirc;ncias<br \/>Naturais&rdquo; &#8211; e ser&atilde;o atribu&iacute;dos &euro; 5.000 (cinco mil euros) a cada um dos<br \/>premiados em cada categoria.<br \/>http:\/\/www.utl.pt\/pagina.php?area=768&not;icia=1095<\/p>\n","protected":false},"excerpt":{"rendered":"<p>Pr&eacute;mio Cient&iacute;fico Casa da Am&eacute;rica Latina\/Santander Totta &#8211; abertura de candidaturas<\/p>\n","protected":false},"author":12,"featured_media":0,"comment_status":"open","ping_status":"open","sticky":false,"template":"","format":"standard","meta":{"_acf_changed":false,"footnotes":""},"categories":[6],"tags":[],"class_list":["post-2752","post","type-post","status-publish","format-standard","hentry","category-noticias"],"acf":[],"_links":{"self":[{"href":"https:\/\/internacional.ufpr.br\/portal\/wp-json\/wp\/v2\/posts\/2752","targetHints":{"allow":["GET"]}}],"collection":[{"href":"https:\/\/internacional.ufpr.br\/portal\/wp-json\/wp\/v2\/posts"}],"about":[{"href":"https:\/\/internacional.ufpr.br\/portal\/wp-json\/wp\/v2\/types\/post"}],"author":[{"embeddable":true,"href":"https:\/\/internacional.ufpr.br\/portal\/wp-json\/wp\/v2\/users\/12"}],"replies":[{"embeddable":true,"href":"https:\/\/internacional.ufpr.br\/portal\/wp-json\/wp\/v2\/comments?post=2752"}],"version-history":[{"count":0,"href":"https:\/\/internacional.ufpr.br\/portal\/wp-json\/wp\/v2\/posts\/2752\/revisions"}],"wp:attachment":[{"href":"https:\/\/internacional.ufpr.br\/portal\/wp-json\/wp\/v2\/media?parent=2752"}],"wp:term":[{"taxonomy":"category","embeddable":true,"href":"https:\/\/internacional.ufpr.br\/portal\/wp-json\/wp\/v2\/categories?post=2752"},{"taxonomy":"post_tag","embeddable":true,"href":"https:\/\/internacional.ufpr.br\/portal\/wp-json\/wp\/v2\/tags?post=2752"}],"curies":[{"name":"wp","href":"https:\/\/api.w.org\/{rel}","templated":true}]}}