{"id":2749,"date":"2010-05-19T00:00:00","date_gmt":"2010-05-19T03:00:00","guid":{"rendered":"http:\/\/www.internacional.ufpr.br\/portal\/2010\/05\/19\/governo-lanca-programa-de-estagios-nas-areas-do-ambiente-e-energias-renovaveis\/"},"modified":"2010-05-19T00:00:00","modified_gmt":"2010-05-19T03:00:00","slug":"governo-lanca-programa-de-estagios-nas-areas-do-ambiente-e-energias-renovaveis","status":"publish","type":"post","link":"https:\/\/internacional.ufpr.br\/portal\/2010\/05\/19\/governo-lanca-programa-de-estagios-nas-areas-do-ambiente-e-energias-renovaveis\/","title":{"rendered":"Governo lan\u00e7a Programa de Est\u00e1gios nas \u00c1reas do Ambiente e Energias Renov\u00e1veis"},"content":{"rendered":"<p>O INOV-ENERGI@ &eacute; uma nova vertente do programa INOV, que visa a<br \/>integra&ccedil;&atilde;o de jovens desempregados no mercado de trabalho. O novo<br \/>programa contempla 1.500 est&aacute;gios por ano, no dom&iacute;nio do ambiente e<br \/>das energias renov&aacute;veis.<\/p>\n<p>O Governo anunciou mais um programa de est&aacute;gios destinado a jovens em situa&ccedil;&atilde;o de desemprego. Por ano, haver&aacute; 1.500 vagas para ocupar nos sectores do ambiente e das energias renov&aacute;veis.<\/p>\n<p>Podem candidatar-se ao INOV-ENERGI@, jovens at&eacute; 35 anos que estejam<br \/>desempregados (&agrave; procura do primeiro emprego ou de um novo emprego) e com qualifica&ccedil;&atilde;o superior nas &aacute;reas de engenharia, ci&ecirc;ncias f&iacute;sicas e<br \/>qu&iacute;micas, da vida, do ambiente, agr&aacute;rias e empresariais, economia e<br \/>direito.<\/p>\n<p>O per&iacute;odo de candidaturas e as condi&ccedil;&otilde;es de candidatura ser&atilde;o<br \/>anunciadas e disponibilizados pelo Instituto de Emprego e Forma&ccedil;&atilde;o<br \/>Profissional (IEFP).<\/p>\n<p>Os est&aacute;gios ter&atilde;o a dura&ccedil;&atilde;o de 12 meses. Os seleccionados ter&atilde;o<br \/>direito a bolsas, comparticipadas em 60% pelo IEFP ou em 80% no caso<br \/>de portadores de defici&ecirc;ncia.<\/p>\n<p>O programa vai beneficiar empresas privadas, do sector empresarial do<br \/>Estado, empresas municipais, intermunicipais ou metropolitanas com<br \/>actividades ligadas ao ambiente, energias renov&aacute;veis e desenvolvimento<br \/>sustent&aacute;vel.<\/p>\n<p>O INOV-ENERGI@, anunciado pelo Governo, surge de um refor&ccedil;o e<br \/>amplia&ccedil;&atilde;o do Programa INOV, uma das medidas que integra o Programa<br \/>Iniciativa Emprego 2010, que visa assegurar a manuten&ccedil;&atilde;o de postos de<br \/>trabalho, incentivar a inser&ccedil;&atilde;o de jovens no mercado e combater o<br \/>desemprego.<\/p>\n","protected":false},"excerpt":{"rendered":"<p>Governo lan&ccedil;a Programa de Est&aacute;gios nas &Aacute;reas do Ambiente e Energias Renov&aacute;veis<\/p>\n","protected":false},"author":12,"featured_media":0,"comment_status":"open","ping_status":"open","sticky":false,"template":"","format":"standard","meta":{"_acf_changed":false,"footnotes":""},"categories":[6],"tags":[],"class_list":["post-2749","post","type-post","status-publish","format-standard","hentry","category-noticias"],"acf":[],"_links":{"self":[{"href":"https:\/\/internacional.ufpr.br\/portal\/wp-json\/wp\/v2\/posts\/2749","targetHints":{"allow":["GET"]}}],"collection":[{"href":"https:\/\/internacional.ufpr.br\/portal\/wp-json\/wp\/v2\/posts"}],"about":[{"href":"https:\/\/internacional.ufpr.br\/portal\/wp-json\/wp\/v2\/types\/post"}],"author":[{"embeddable":true,"href":"https:\/\/internacional.ufpr.br\/portal\/wp-json\/wp\/v2\/users\/12"}],"replies":[{"embeddable":true,"href":"https:\/\/internacional.ufpr.br\/portal\/wp-json\/wp\/v2\/comments?post=2749"}],"version-history":[{"count":0,"href":"https:\/\/internacional.ufpr.br\/portal\/wp-json\/wp\/v2\/posts\/2749\/revisions"}],"wp:attachment":[{"href":"https:\/\/internacional.ufpr.br\/portal\/wp-json\/wp\/v2\/media?parent=2749"}],"wp:term":[{"taxonomy":"category","embeddable":true,"href":"https:\/\/internacional.ufpr.br\/portal\/wp-json\/wp\/v2\/categories?post=2749"},{"taxonomy":"post_tag","embeddable":true,"href":"https:\/\/internacional.ufpr.br\/portal\/wp-json\/wp\/v2\/tags?post=2749"}],"curies":[{"name":"wp","href":"https:\/\/api.w.org\/{rel}","templated":true}]}}