{"id":2735,"date":"2010-05-11T00:00:00","date_gmt":"2010-05-11T03:00:00","guid":{"rendered":"http:\/\/www.internacional.ufpr.br\/portal\/2010\/05\/11\/programas-de-valorizacao-do-magisterio-novos-valores-de-bolsas\/"},"modified":"2010-05-11T00:00:00","modified_gmt":"2010-05-11T03:00:00","slug":"programas-de-valorizacao-do-magisterio-novos-valores-de-bolsas","status":"publish","type":"post","link":"https:\/\/internacional.ufpr.br\/portal\/2010\/05\/11\/programas-de-valorizacao-do-magisterio-novos-valores-de-bolsas\/","title":{"rendered":"Programas de valoriza\u00e7\u00e3o do magist\u00e9rio novos valores de bolsas"},"content":{"rendered":"<p>O Programa Institucional de Bolsa de Inicia&ccedil;&atilde;o &agrave; Doc&ecirc;ncia (Pibid), o Observat&oacute;rio da Educa&ccedil;&atilde;o e o Observat&oacute;rio da Educa&ccedil;&atilde;o Escolar Ind&iacute;gena passam a ter novos valores de bolsas. Os reajustes est&atilde;o especificados na Portaria n&ordm; 97 publicada no Di&aacute;rio Oficial da Uni&atilde;o desta sexta-feira, 7 de maio. A publica&ccedil;&atilde;o produz efeitos financeiros a partir de 1&ordm; de abril.<br \/>Os tr&ecirc;s programas s&atilde;o iniciativas da Coordena&ccedil;&atilde;o de Aperfei&ccedil;oamento de Pessoal de N&iacute;vel Superior (Capes) para valorizar o magist&eacute;rio e apoiar estudantes de licenciatura plena. O Pibid e os Observat&oacute;rios t&ecirc;m foco na forma&ccedil;&atilde;o de docentes, pesquisa e desenvolvimento de metodologias de ensino para a educa&ccedil;&atilde;o b&aacute;sica.<\/p>\n<p>Valores<br \/>Os estudantes de cursos de licenciatura participantes de programas apoiados pela Capes passam a receber uma bolsa no valor de R$ 400 mensais. Eles devem exercer atividades pedag&oacute;gicas e de pesquisa educacional em escolas da rede p&uacute;blica de educa&ccedil;&atilde;o b&aacute;sica. J&aacute; os professores da educa&ccedil;&atilde;o b&aacute;sica que atuam como supervisores dos programas ter&atilde;o bolsa no valor de R$ 765.<\/p>\n<p>Os coordenadores de &aacute;rea receber&atilde;o um aux&iacute;lio no valor de R$ 1,4 mil mensais. Esses professores devem possuir experi&ecirc;ncia de um ano no magist&eacute;rio superior. A bolsa para os coordenadores institucionais, por sua vez, passa a ter valor de R$ 1,5 mil mensais. Esses profissionais devem possuir experi&ecirc;ncia de tr&ecirc;s anos no magist&eacute;rio superior.<\/p>\n<p>Conhe&ccedil;a o Pibid, o Observat&oacute;rio da Educa&ccedil;&atilde;o e o Observat&oacute;rio da Educa&ccedil;&atilde;o Escolar Ind&iacute;gena.<br \/>http:\/\/www.capes.gov.br\/servicos\/sala-de-imprensa\/36-noticias\/3772-programas-de-valorizacao-do-magisterio-tem-novos-valores-de-bolsas<\/p>\n","protected":false},"excerpt":{"rendered":"<p>Programas de valoriza&ccedil;&atilde;o do magist&eacute;rio t&ecirc;m novos valores de bolsas.<\/p>\n","protected":false},"author":12,"featured_media":0,"comment_status":"open","ping_status":"open","sticky":false,"template":"","format":"standard","meta":{"_acf_changed":false,"footnotes":""},"categories":[6],"tags":[],"class_list":["post-2735","post","type-post","status-publish","format-standard","hentry","category-noticias"],"acf":[],"_links":{"self":[{"href":"https:\/\/internacional.ufpr.br\/portal\/wp-json\/wp\/v2\/posts\/2735","targetHints":{"allow":["GET"]}}],"collection":[{"href":"https:\/\/internacional.ufpr.br\/portal\/wp-json\/wp\/v2\/posts"}],"about":[{"href":"https:\/\/internacional.ufpr.br\/portal\/wp-json\/wp\/v2\/types\/post"}],"author":[{"embeddable":true,"href":"https:\/\/internacional.ufpr.br\/portal\/wp-json\/wp\/v2\/users\/12"}],"replies":[{"embeddable":true,"href":"https:\/\/internacional.ufpr.br\/portal\/wp-json\/wp\/v2\/comments?post=2735"}],"version-history":[{"count":0,"href":"https:\/\/internacional.ufpr.br\/portal\/wp-json\/wp\/v2\/posts\/2735\/revisions"}],"wp:attachment":[{"href":"https:\/\/internacional.ufpr.br\/portal\/wp-json\/wp\/v2\/media?parent=2735"}],"wp:term":[{"taxonomy":"category","embeddable":true,"href":"https:\/\/internacional.ufpr.br\/portal\/wp-json\/wp\/v2\/categories?post=2735"},{"taxonomy":"post_tag","embeddable":true,"href":"https:\/\/internacional.ufpr.br\/portal\/wp-json\/wp\/v2\/tags?post=2735"}],"curies":[{"name":"wp","href":"https:\/\/api.w.org\/{rel}","templated":true}]}}