{"id":2643,"date":"2010-02-03T00:00:00","date_gmt":"2010-02-03T02:00:00","guid":{"rendered":"http:\/\/www.internacional.ufpr.br\/portal\/2010\/02\/03\/programa-conjunto-de-bolsas-de-doutorado-na-republica-federal-da-alemanha\/"},"modified":"2010-02-03T00:00:00","modified_gmt":"2010-02-03T02:00:00","slug":"programa-conjunto-de-bolsas-de-doutorado-na-republica-federal-da-alemanha","status":"publish","type":"post","link":"https:\/\/internacional.ufpr.br\/portal\/2010\/02\/03\/programa-conjunto-de-bolsas-de-doutorado-na-republica-federal-da-alemanha\/","title":{"rendered":"Programa Conjunto de Bolsas de Doutorado na Rep\u00fablica Federal da Alemanha"},"content":{"rendered":"<p> Programa Conjunto de Bolsas de Doutorado na Rep\u00fablica Federal da Alemanha 2010\/2011 DAAD &#8211; CAPES \u2013 CNPq<br \/>\nBolsas de doutorado: inscri\u00e7\u00f5es at\u00e9 5 de mar\u00e7o<br \/>\nO Programa Conjunto DAAD-Capes-CNPq de Bolsas de Doutorado 2010\/2011 recebe inscri\u00e7\u00f5es at\u00e9 5 de mar\u00e7o de 2010. S\u00e3o oferecidas bolsas para doutorado integral, doutorado sandu\u00edche e duplo doutorado na Alemanha. O edital est\u00e1 dispon\u00edvel nos sites das tr\u00eas ag\u00eancias financiadoras. Podem candidatar-se \u00e0s bolsas estudantes de todas as \u00e1reas de conhecimento. A partir desta edi\u00e7\u00e3o, a inscri\u00e7\u00e3o tem de ser realizada pela internet, por meio do Formul\u00e1rio de Propostas On Line do CNPq, na Plataforma Carlos Chagas. Todos os documentos requeridos devem ser digitalizados e anexados no Formul\u00e1rio de Propostas. Apenas uma c\u00f3pia da documenta\u00e7\u00e3o dever\u00e1 ser encaminhada para o escrit\u00f3rio do DAAD, no Rio de Janeiro. A sele\u00e7\u00e3o inclui an\u00e1lise da documenta\u00e7\u00e3o e entrevista, para a qual s\u00e3o chamados candidatos a doutorado integral e a doutorado sandu\u00edche e duplo doutorado com dura\u00e7\u00e3o superior a 12 meses. Os contemplados viajam \u00e0 Alemanha a partir de outubro de 2010, de acordo com a dura\u00e7\u00e3o do curso pr\u00e9vio de alem\u00e3o. As atividades relacionadas ao doutorado come\u00e7am em abril de 2011.<br \/>\nMelhores informa\u00e7\u00f5es\u00a0:<br \/>\nhttp:\/\/rio.daad.de\/shared\/doutorado.htm<br \/>\nhttp:\/\/rio.daad.de\/download\/doutorado_2010.pdf<br \/>\n\u00a0<br \/>\nContato:<br \/>Rebeca Mendon\u00e7a<br \/>E-mail: doutorado@daad.org.br<br \/>Tel. (21) 2553 3296 <\/p>\n","protected":false},"excerpt":{"rendered":"<p> Programa Conjunto de Bolsas de Doutorado na Rep\u00fablica Federal da Alemanha <\/p>\n","protected":false},"author":12,"featured_media":0,"comment_status":"open","ping_status":"open","sticky":false,"template":"","format":"standard","meta":{"_acf_changed":false,"footnotes":""},"categories":[6],"tags":[],"class_list":["post-2643","post","type-post","status-publish","format-standard","hentry","category-noticias"],"acf":[],"_links":{"self":[{"href":"https:\/\/internacional.ufpr.br\/portal\/wp-json\/wp\/v2\/posts\/2643","targetHints":{"allow":["GET"]}}],"collection":[{"href":"https:\/\/internacional.ufpr.br\/portal\/wp-json\/wp\/v2\/posts"}],"about":[{"href":"https:\/\/internacional.ufpr.br\/portal\/wp-json\/wp\/v2\/types\/post"}],"author":[{"embeddable":true,"href":"https:\/\/internacional.ufpr.br\/portal\/wp-json\/wp\/v2\/users\/12"}],"replies":[{"embeddable":true,"href":"https:\/\/internacional.ufpr.br\/portal\/wp-json\/wp\/v2\/comments?post=2643"}],"version-history":[{"count":0,"href":"https:\/\/internacional.ufpr.br\/portal\/wp-json\/wp\/v2\/posts\/2643\/revisions"}],"wp:attachment":[{"href":"https:\/\/internacional.ufpr.br\/portal\/wp-json\/wp\/v2\/media?parent=2643"}],"wp:term":[{"taxonomy":"category","embeddable":true,"href":"https:\/\/internacional.ufpr.br\/portal\/wp-json\/wp\/v2\/categories?post=2643"},{"taxonomy":"post_tag","embeddable":true,"href":"https:\/\/internacional.ufpr.br\/portal\/wp-json\/wp\/v2\/tags?post=2643"}],"curies":[{"name":"wp","href":"https:\/\/api.w.org\/{rel}","templated":true}]}}