{"id":2626,"date":"2010-04-08T00:00:00","date_gmt":"2010-04-08T03:00:00","guid":{"rendered":"http:\/\/www.internacional.ufpr.br\/portal\/2010\/04\/08\/seminario-sobre-cooperacao-internacional-educacao-superior-pesquisa-e-extensao\/"},"modified":"2010-04-08T00:00:00","modified_gmt":"2010-04-08T03:00:00","slug":"seminario-sobre-cooperacao-internacional-educacao-superior-pesquisa-e-extensao","status":"publish","type":"post","link":"https:\/\/internacional.ufpr.br\/portal\/2010\/04\/08\/seminario-sobre-cooperacao-internacional-educacao-superior-pesquisa-e-extensao\/","title":{"rendered":"Semin\u00e1rio sobre Coopera\u00e7\u00e3o Internacional Educa\u00e7\u00e3o Superior, Pesquisa e Extens\u00e3o"},"content":{"rendered":"<p>mceEditor&#8217; type=&#8217;text&#8217; class=&#8217;input&#8217; cols=&#8217;60&#8217; rows=&#8217;20&#8217;> Iniciativa: ARI: Assessoria de Rela\u00e7\u00f5es Internacionais da UFPR <\/p>\n<p>Data: 6 de maio <\/p>\n<p>Local: Sal\u00e3o Azul Setor de Ci\u00eancias Biol\u00f3gicas <\/p>\n<p>Objetivo: Este semin\u00e1rio objetiva discutir a coopera\u00e7\u00e3o internacional como agente propulsor de estrat\u00e9gias de crescimento institucional e de qualifica\u00e7\u00e3o das atividades acad\u00eamicas. Ser\u00e3o discutidos temas como Pol\u00edticas das IEFS em Coopera\u00e7\u00e3o e a inser\u00e7\u00e3o internacional da universidade Brasileira. Experi\u00eancias bem sucedidas programas de interc\u00e2mbio de \u00e2mbito regional, nacional e internacional, envolvendo a coopera\u00e7\u00e3o acad\u00eamica e a mobilidade e o aprofundamento das rela\u00e7\u00f5es do Brasil com America Latina em termos de mobilidade acad\u00eamica. <\/p>\n<p>P\u00fablico Alvo: Docentes, discentes e t\u00e9cnicos da UFPR.<br \/>\n\u00a0<br \/>\ninscri\u00e7\u00f5es: augm@ufpr.br <\/p>\n","protected":false},"excerpt":{"rendered":"<p> Semin\u00e1rio UFPR sobre Coopera\u00e7\u00e3o Internacional <\/p>\n","protected":false},"author":12,"featured_media":0,"comment_status":"open","ping_status":"open","sticky":false,"template":"","format":"standard","meta":{"_acf_changed":false,"footnotes":""},"categories":[6],"tags":[],"class_list":["post-2626","post","type-post","status-publish","format-standard","hentry","category-noticias"],"acf":[],"_links":{"self":[{"href":"https:\/\/internacional.ufpr.br\/portal\/wp-json\/wp\/v2\/posts\/2626","targetHints":{"allow":["GET"]}}],"collection":[{"href":"https:\/\/internacional.ufpr.br\/portal\/wp-json\/wp\/v2\/posts"}],"about":[{"href":"https:\/\/internacional.ufpr.br\/portal\/wp-json\/wp\/v2\/types\/post"}],"author":[{"embeddable":true,"href":"https:\/\/internacional.ufpr.br\/portal\/wp-json\/wp\/v2\/users\/12"}],"replies":[{"embeddable":true,"href":"https:\/\/internacional.ufpr.br\/portal\/wp-json\/wp\/v2\/comments?post=2626"}],"version-history":[{"count":0,"href":"https:\/\/internacional.ufpr.br\/portal\/wp-json\/wp\/v2\/posts\/2626\/revisions"}],"wp:attachment":[{"href":"https:\/\/internacional.ufpr.br\/portal\/wp-json\/wp\/v2\/media?parent=2626"}],"wp:term":[{"taxonomy":"category","embeddable":true,"href":"https:\/\/internacional.ufpr.br\/portal\/wp-json\/wp\/v2\/categories?post=2626"},{"taxonomy":"post_tag","embeddable":true,"href":"https:\/\/internacional.ufpr.br\/portal\/wp-json\/wp\/v2\/tags?post=2626"}],"curies":[{"name":"wp","href":"https:\/\/api.w.org\/{rel}","templated":true}]}}