{"id":12876,"date":"2026-04-02T17:57:33","date_gmt":"2026-04-02T20:57:33","guid":{"rendered":"https:\/\/internacional.ufpr.br\/portal\/?p=12876"},"modified":"2026-04-02T17:59:37","modified_gmt":"2026-04-02T20:59:37","slug":"augm-edital-de-selecao-mobilidade-de-grado-saida-2026-2","status":"publish","type":"post","link":"https:\/\/internacional.ufpr.br\/portal\/2026\/04\/02\/augm-edital-de-selecao-mobilidade-de-grado-saida-2026-2\/","title":{"rendered":"AUGM: Edital de Sele\u00e7\u00e3o Mobilidade de Grado (Sa\u00edda 2026\/2)"},"content":{"rendered":"\n<p>O Escrit\u00f3rio de Rela\u00e7\u00f5es Internacionais torna p\u00fablico o edital para mobilidade acad\u00eamica no \u00e2mbito do Programa AUGM, com sa\u00edda prevista para o 2\u00ba semestre de 2026. S\u00e3o 11 vagas, com previs\u00e3o de fomento para deslocamento, moradia e alimenta\u00e7\u00e3o, para universidades do Uruguai, Bol\u00edvia, Argentina e Paraguai, sendo 20% destas, destinadas a alunos de ingresso cotista na UFPR, para inclus\u00e3o racial e\/ou social, conforme Resolu\u00e7\u00e3o n\u00ba 17\/07 do COUN. As vagas s\u00e3o abertas a todos os cursos, exceto Medicina.<\/p>\n\n\n\n<p>As inscri\u00e7\u00f5es s\u00e3o de 02\/04\/2026 at\u00e9 03\/05\/2026.<\/p>\n\n\n\n<p>Leia o\u00a0<a href=\"https:\/\/internacional.ufpr.br\/portal\/wp-content\/uploads\/2026\/04\/Edital-AUGM-2026.2-1.pdf\">edital<\/a> e confira os detalhes.<\/p>\n\n\n\n<p><\/p>\n\n\n\n<p>Tags:&nbsp;<a href=\"https:\/\/internacional.ufpr.br\/portal\/tag\/augm\/\">AUGM<\/a>,&nbsp;<a href=\"https:\/\/internacional.ufpr.br\/portal\/tag\/discente\/\">discente<\/a>,&nbsp;<a href=\"https:\/\/internacional.ufpr.br\/portal\/tag\/editais\/\">editais<\/a>,&nbsp;<a href=\"https:\/\/internacional.ufpr.br\/portal\/tag\/edital\/\">edital<\/a>,&nbsp;<a href=\"https:\/\/internacional.ufpr.br\/portal\/tag\/mobilidade\/\">mobilidade<\/a><\/p>\n\n\n\n<p><\/p>\n","protected":false},"excerpt":{"rendered":"<p>O Escrit\u00f3rio de Rela\u00e7\u00f5es Internacionais torna p\u00fablico o edital para mobilidade acad\u00eamica no \u00e2mbito do Programa AUGM, com sa\u00edda prevista para o 2\u00ba semestre de 2026. S\u00e3o 11 vagas, com previs\u00e3o de fomento para deslocamento, moradia e alimenta\u00e7\u00e3o, para universidades do Uruguai, Bol\u00edvia, Argentina e Paraguai, sendo 20% destas, destinadas a alunos de ingresso cotista [&hellip;]<\/p>\n","protected":false},"author":12,"featured_media":0,"comment_status":"open","ping_status":"open","sticky":false,"template":"","format":"standard","meta":{"_acf_changed":false,"footnotes":""},"categories":[5,186,6],"tags":[],"class_list":["post-12876","post","type-post","status-publish","format-standard","hentry","category-editais","category-editais-2","category-noticias"],"acf":[],"_links":{"self":[{"href":"https:\/\/internacional.ufpr.br\/portal\/wp-json\/wp\/v2\/posts\/12876","targetHints":{"allow":["GET"]}}],"collection":[{"href":"https:\/\/internacional.ufpr.br\/portal\/wp-json\/wp\/v2\/posts"}],"about":[{"href":"https:\/\/internacional.ufpr.br\/portal\/wp-json\/wp\/v2\/types\/post"}],"author":[{"embeddable":true,"href":"https:\/\/internacional.ufpr.br\/portal\/wp-json\/wp\/v2\/users\/12"}],"replies":[{"embeddable":true,"href":"https:\/\/internacional.ufpr.br\/portal\/wp-json\/wp\/v2\/comments?post=12876"}],"version-history":[{"count":5,"href":"https:\/\/internacional.ufpr.br\/portal\/wp-json\/wp\/v2\/posts\/12876\/revisions"}],"predecessor-version":[{"id":12882,"href":"https:\/\/internacional.ufpr.br\/portal\/wp-json\/wp\/v2\/posts\/12876\/revisions\/12882"}],"wp:attachment":[{"href":"https:\/\/internacional.ufpr.br\/portal\/wp-json\/wp\/v2\/media?parent=12876"}],"wp:term":[{"taxonomy":"category","embeddable":true,"href":"https:\/\/internacional.ufpr.br\/portal\/wp-json\/wp\/v2\/categories?post=12876"},{"taxonomy":"post_tag","embeddable":true,"href":"https:\/\/internacional.ufpr.br\/portal\/wp-json\/wp\/v2\/tags?post=12876"}],"curies":[{"name":"wp","href":"https:\/\/api.w.org\/{rel}","templated":true}]}}