{"id":10477,"date":"2025-09-23T19:02:56","date_gmt":"2025-09-23T22:02:56","guid":{"rendered":"https:\/\/internacional.ufpr.br\/portal\/?p=10477"},"modified":"2025-09-23T19:45:13","modified_gmt":"2025-09-23T22:45:13","slug":"cursos-de-linguas-de-instrucao-edital-de-resultado-de-selecao","status":"publish","type":"post","link":"https:\/\/internacional.ufpr.br\/portal\/2025\/09\/23\/cursos-de-linguas-de-instrucao-edital-de-resultado-de-selecao\/","title":{"rendered":"Cursos de L\u00ednguas de Instru\u00e7\u00e3o: Edital de resultado de Sele\u00e7\u00e3o"},"content":{"rendered":"\n<p>A Coordenadoria de Pol\u00edticas Lingu\u00edsticas (CPL) do Escrit\u00f3rio de Rela\u00e7\u00f5es Internacionais (ERI)<br>torna p\u00fablico o <a href=\"https:\/\/internacional.ufpr.br\/portal\/wp-content\/uploads\/2025\/09\/SEI_8196027_Edital_4-1.pdf\" target=\"_blank\" rel=\"noreferrer noopener\">Edital<\/a><a href=\"https:\/\/internacional.ufpr.br\/portal\/wp-content\/uploads\/2025\/09\/SEI_8196027_Edital_4.pdf\"> <\/a>de resultado de sele\u00e7\u00e3o de professoras e professores da UFPR para os<br>Cursos de L\u00ednguas de Instru\u00e7\u00e3o, com o objetivo de capacitar docentes sobre o uso da l\u00edngua<br>estrangeira como ferramenta did\u00e1tica. <strong>As aulas acontecer\u00e3o na sala 410, 4\u00ba andar, Dom Pedro II, Campus Reitoria.<\/strong><\/p>\n","protected":false},"excerpt":{"rendered":"<p>A Coordenadoria de Pol\u00edticas Lingu\u00edsticas (CPL) do Escrit\u00f3rio de Rela\u00e7\u00f5es Internacionais (ERI)torna p\u00fablico o Edital de resultado de sele\u00e7\u00e3o de professoras e professores da UFPR para osCursos de L\u00ednguas de Instru\u00e7\u00e3o, com o objetivo de capacitar docentes sobre o uso da l\u00ednguaestrangeira como ferramenta did\u00e1tica. As aulas acontecer\u00e3o na sala 410, 4\u00ba andar, Dom Pedro [&hellip;]<\/p>\n","protected":false},"author":12,"featured_media":0,"comment_status":"closed","ping_status":"closed","sticky":false,"template":"","format":"standard","meta":{"_acf_changed":false,"footnotes":""},"categories":[5,185,6],"tags":[],"class_list":["post-10477","post","type-post","status-publish","format-standard","hentry","category-editais","category-destaques","category-noticias"],"acf":[],"_links":{"self":[{"href":"https:\/\/internacional.ufpr.br\/portal\/wp-json\/wp\/v2\/posts\/10477","targetHints":{"allow":["GET"]}}],"collection":[{"href":"https:\/\/internacional.ufpr.br\/portal\/wp-json\/wp\/v2\/posts"}],"about":[{"href":"https:\/\/internacional.ufpr.br\/portal\/wp-json\/wp\/v2\/types\/post"}],"author":[{"embeddable":true,"href":"https:\/\/internacional.ufpr.br\/portal\/wp-json\/wp\/v2\/users\/12"}],"replies":[{"embeddable":true,"href":"https:\/\/internacional.ufpr.br\/portal\/wp-json\/wp\/v2\/comments?post=10477"}],"version-history":[{"count":2,"href":"https:\/\/internacional.ufpr.br\/portal\/wp-json\/wp\/v2\/posts\/10477\/revisions"}],"predecessor-version":[{"id":10485,"href":"https:\/\/internacional.ufpr.br\/portal\/wp-json\/wp\/v2\/posts\/10477\/revisions\/10485"}],"wp:attachment":[{"href":"https:\/\/internacional.ufpr.br\/portal\/wp-json\/wp\/v2\/media?parent=10477"}],"wp:term":[{"taxonomy":"category","embeddable":true,"href":"https:\/\/internacional.ufpr.br\/portal\/wp-json\/wp\/v2\/categories?post=10477"},{"taxonomy":"post_tag","embeddable":true,"href":"https:\/\/internacional.ufpr.br\/portal\/wp-json\/wp\/v2\/tags?post=10477"}],"curies":[{"name":"wp","href":"https:\/\/api.w.org\/{rel}","templated":true}]}}