{"id":10452,"date":"2025-09-18T10:37:19","date_gmt":"2025-09-18T13:37:19","guid":{"rendered":"https:\/\/internacional.ufpr.br\/portal\/?p=10452"},"modified":"2025-09-18T10:37:20","modified_gmt":"2025-09-18T13:37:20","slug":"teste-oficial-de-ingles-cambridge-linguaskill-gratuito-para-docentes-ufpr","status":"publish","type":"post","link":"https:\/\/internacional.ufpr.br\/portal\/2025\/09\/18\/teste-oficial-de-ingles-cambridge-linguaskill-gratuito-para-docentes-ufpr\/","title":{"rendered":"Teste oficial de ingl\u00eas Cambridge (Linguaskill) gratuito para docentes UFPR"},"content":{"rendered":"\n<p>Em parceria com a Cambridge University Press &amp; Assessment, est\u00e1 sendo ofertado <strong>gratuitamente<\/strong>\u00a0o teste\u00a0<em>New Linguaskill<\/em>\u00a0aos\/\u00e0s docentes da UFPR que\u00a0<strong>lecionam ou j\u00e1 lecionaram em ingl\u00eas<\/strong>\u00a0\u2014 e,\u00a0<strong>excepcionalmente nesta chamada<\/strong>, aos\/\u00e0s docentes que ainda n\u00e3o lecionaram mas que\u00a0<strong>planejam cursar a forma\u00e7\u00e3o em EMI<\/strong>\u00a0neste m\u00eas de outubro de 2025. O teste (Speaking, Writing, Reading e Listening) \u00e9\u00a0<strong>on-line<\/strong>\u00a0e emite\u00a0<strong>certificado oficial<\/strong>. As vagas s\u00e3o limitadas.<\/p>\n\n\n\n<ul class=\"wp-block-list\">\n<li><strong>Per\u00edodo de aplica\u00e7\u00e3o:<\/strong>\u00a015 a 27\/outubro de 2025 (data individual confirmada ap\u00f3s inscri\u00e7\u00e3o).<\/li>\n\n\n\n<li><strong>Inscri\u00e7\u00f5es:<\/strong>&nbsp;formul\u00e1rio (link abaixo).<\/li>\n\n\n\n<li><strong>Custo:<\/strong>&nbsp;zero (refer\u00eancia \u2248 \u20ac150).<\/li>\n\n\n\n<li><strong>Privacidade:<\/strong>&nbsp;resultados individuais n\u00e3o s\u00e3o divulgados fora do grupo de pesquisa.&nbsp;<\/li>\n<\/ul>\n\n\n\n<p>Segue abaixo o\u00a0<strong>convite a docentes (PT)<\/strong>\u00a0\u2013 com link de inscri\u00e7\u00e3o e perguntas frequentes.<\/p>\n\n\n\n<div data-wp-interactive=\"core\/file\" class=\"wp-block-file\"><object data-wp-bind--hidden=\"!state.hasPdfPreview\" hidden class=\"wp-block-file__embed\" data=\"https:\/\/internacional.ufpr.br\/portal\/wp-content\/uploads\/2025\/09\/Cambridge-English-Test-UFPR.pdf\" type=\"application\/pdf\" style=\"width:100%;height:600px\" aria-label=\"Incorporado de Cambridge-English-Test-UFPR.\"><\/object><a id=\"wp-block-file--media-a8598b9f-ce18-498c-a4b1-cf9e360fb872\" href=\"https:\/\/internacional.ufpr.br\/portal\/wp-content\/uploads\/2025\/09\/Cambridge-English-Test-UFPR.pdf\">Cambridge-English-Test-UFPR<\/a><a href=\"https:\/\/internacional.ufpr.br\/portal\/wp-content\/uploads\/2025\/09\/Cambridge-English-Test-UFPR.pdf\" class=\"wp-block-file__button wp-element-button\" download aria-describedby=\"wp-block-file--media-a8598b9f-ce18-498c-a4b1-cf9e360fb872\">Baixar<\/a><\/div>\n\n\n\n<p><strong>Link de inscri\u00e7\u00e3o:<\/strong>&nbsp;<a rel=\"noreferrer noopener\" target=\"_blank\" href=\"https:\/\/forms.cloud.microsoft\/e\/GwmYs364Lz\">https:\/\/forms.cloud.microsoft\/e\/GwmYs364Lz<\/a><\/p>\n","protected":false},"excerpt":{"rendered":"<p>Em parceria com a Cambridge University Press &amp; Assessment, est\u00e1 sendo ofertado gratuitamente\u00a0o teste\u00a0New Linguaskill\u00a0aos\/\u00e0s docentes da UFPR que\u00a0lecionam ou j\u00e1 lecionaram em ingl\u00eas\u00a0\u2014 e,\u00a0excepcionalmente nesta chamada, aos\/\u00e0s docentes que ainda n\u00e3o lecionaram mas que\u00a0planejam cursar a forma\u00e7\u00e3o em EMI\u00a0neste m\u00eas de outubro de 2025. O teste (Speaking, Writing, Reading e Listening) \u00e9\u00a0on-line\u00a0e emite\u00a0certificado oficial. [&hellip;]<\/p>\n","protected":false},"author":12,"featured_media":0,"comment_status":"closed","ping_status":"closed","sticky":false,"template":"","format":"standard","meta":{"_acf_changed":false,"footnotes":""},"categories":[6],"tags":[],"class_list":["post-10452","post","type-post","status-publish","format-standard","hentry","category-noticias"],"acf":[],"_links":{"self":[{"href":"https:\/\/internacional.ufpr.br\/portal\/wp-json\/wp\/v2\/posts\/10452","targetHints":{"allow":["GET"]}}],"collection":[{"href":"https:\/\/internacional.ufpr.br\/portal\/wp-json\/wp\/v2\/posts"}],"about":[{"href":"https:\/\/internacional.ufpr.br\/portal\/wp-json\/wp\/v2\/types\/post"}],"author":[{"embeddable":true,"href":"https:\/\/internacional.ufpr.br\/portal\/wp-json\/wp\/v2\/users\/12"}],"replies":[{"embeddable":true,"href":"https:\/\/internacional.ufpr.br\/portal\/wp-json\/wp\/v2\/comments?post=10452"}],"version-history":[{"count":1,"href":"https:\/\/internacional.ufpr.br\/portal\/wp-json\/wp\/v2\/posts\/10452\/revisions"}],"predecessor-version":[{"id":10454,"href":"https:\/\/internacional.ufpr.br\/portal\/wp-json\/wp\/v2\/posts\/10452\/revisions\/10454"}],"wp:attachment":[{"href":"https:\/\/internacional.ufpr.br\/portal\/wp-json\/wp\/v2\/media?parent=10452"}],"wp:term":[{"taxonomy":"category","embeddable":true,"href":"https:\/\/internacional.ufpr.br\/portal\/wp-json\/wp\/v2\/categories?post=10452"},{"taxonomy":"post_tag","embeddable":true,"href":"https:\/\/internacional.ufpr.br\/portal\/wp-json\/wp\/v2\/tags?post=10452"}],"curies":[{"name":"wp","href":"https:\/\/api.w.org\/{rel}","templated":true}]}}