{"id":10324,"date":"2025-09-04T10:43:11","date_gmt":"2025-09-04T13:43:11","guid":{"rendered":"https:\/\/internacional.ufpr.br\/portal\/?p=10324"},"modified":"2025-09-04T10:43:12","modified_gmt":"2025-09-04T13:43:12","slug":"nucli-isf-edital-de-resultado-de-selecao-de-professor-tutor-de-alemao","status":"publish","type":"post","link":"https:\/\/internacional.ufpr.br\/portal\/2025\/09\/04\/nucli-isf-edital-de-resultado-de-selecao-de-professor-tutor-de-alemao\/","title":{"rendered":"Nucli-IsF:\u00a0Edital de resultado de sele\u00e7\u00e3o de professor tutor de alem\u00e3o"},"content":{"rendered":"\n<p>04\/09\/2025<\/p>\n\n\n\n<p>O Nucli UFPR Idiomas sem Fronteiras (IsF), ligado \u00e0 Rede Andifes IsF, torna p\u00fablico o resultado do edital de sele\u00e7\u00e3o de professor tutor para atuar na pr\u00e1tica de ensino de l\u00edngua alem\u00e3o \u2013 2025.2. Acesse o Edital de Resultado e confira os detalhes. <\/p>\n\n\n\n<p>Em caso de d\u00favida, escreva para: thiago.mariano@redeisf.pro.br<\/p>\n\n\n\n<p>Acesse o\u00a0<a href=\"https:\/\/internacional.ufpr.br\/portal\/wp-content\/uploads\/2025\/09\/Resultado_IsF_Alemao_2025.2.pdf\">Edital de Resultado<\/a>\u00a0e confira os detalhes.<\/p>\n\n\n\n<div data-wp-interactive=\"core\/file\" class=\"wp-block-file\"><object data-wp-bind--hidden=\"!state.hasPdfPreview\" hidden class=\"wp-block-file__embed\" data=\"https:\/\/internacional.ufpr.br\/portal\/wp-content\/uploads\/2025\/09\/Resultado_IsF_Alemao_2025.2.pdf\" type=\"application\/pdf\" style=\"width:100%;height:600px\" aria-label=\"Incorporado de Resultado_IsF_Alemao_2025.2.\"><\/object><a id=\"wp-block-file--media-a5af92b1-1956-438e-864a-dfbf1613ddb0\" href=\"https:\/\/internacional.ufpr.br\/portal\/wp-content\/uploads\/2025\/09\/Resultado_IsF_Alemao_2025.2.pdf\">Resultado_IsF_Alemao_2025.2<\/a><a href=\"https:\/\/internacional.ufpr.br\/portal\/wp-content\/uploads\/2025\/09\/Resultado_IsF_Alemao_2025.2.pdf\" class=\"wp-block-file__button wp-element-button\" download aria-describedby=\"wp-block-file--media-a5af92b1-1956-438e-864a-dfbf1613ddb0\">Baixar<\/a><\/div>\n","protected":false},"excerpt":{"rendered":"<p>04\/09\/2025 O Nucli UFPR Idiomas sem Fronteiras (IsF), ligado \u00e0 Rede Andifes IsF, torna p\u00fablico o resultado do edital de sele\u00e7\u00e3o de professor tutor para atuar na pr\u00e1tica de ensino de l\u00edngua alem\u00e3o \u2013 2025.2. Acesse o Edital de Resultado e confira os detalhes. Em caso de d\u00favida, escreva para: thiago.mariano@redeisf.pro.br Acesse o\u00a0Edital de Resultado\u00a0e [&hellip;]<\/p>\n","protected":false},"author":12,"featured_media":0,"comment_status":"open","ping_status":"open","sticky":false,"template":"","format":"standard","meta":{"_acf_changed":false,"footnotes":""},"categories":[6],"tags":[],"class_list":["post-10324","post","type-post","status-publish","format-standard","hentry","category-noticias"],"acf":[],"_links":{"self":[{"href":"https:\/\/internacional.ufpr.br\/portal\/wp-json\/wp\/v2\/posts\/10324","targetHints":{"allow":["GET"]}}],"collection":[{"href":"https:\/\/internacional.ufpr.br\/portal\/wp-json\/wp\/v2\/posts"}],"about":[{"href":"https:\/\/internacional.ufpr.br\/portal\/wp-json\/wp\/v2\/types\/post"}],"author":[{"embeddable":true,"href":"https:\/\/internacional.ufpr.br\/portal\/wp-json\/wp\/v2\/users\/12"}],"replies":[{"embeddable":true,"href":"https:\/\/internacional.ufpr.br\/portal\/wp-json\/wp\/v2\/comments?post=10324"}],"version-history":[{"count":4,"href":"https:\/\/internacional.ufpr.br\/portal\/wp-json\/wp\/v2\/posts\/10324\/revisions"}],"predecessor-version":[{"id":10331,"href":"https:\/\/internacional.ufpr.br\/portal\/wp-json\/wp\/v2\/posts\/10324\/revisions\/10331"}],"wp:attachment":[{"href":"https:\/\/internacional.ufpr.br\/portal\/wp-json\/wp\/v2\/media?parent=10324"}],"wp:term":[{"taxonomy":"category","embeddable":true,"href":"https:\/\/internacional.ufpr.br\/portal\/wp-json\/wp\/v2\/categories?post=10324"},{"taxonomy":"post_tag","embeddable":true,"href":"https:\/\/internacional.ufpr.br\/portal\/wp-json\/wp\/v2\/tags?post=10324"}],"curies":[{"name":"wp","href":"https:\/\/api.w.org\/{rel}","templated":true}]}}